{"id":4384,"date":"2022-07-17T21:30:10","date_gmt":"2022-07-17T19:30:10","guid":{"rendered":"https:\/\/valenciafranquista.dival.es\/index.php\/quan-valencia-es-deia-valencia-del-cid\/"},"modified":"2022-07-17T21:30:10","modified_gmt":"2022-07-17T19:30:10","slug":"quan-valencia-es-deia-valencia-del-cid","status":"publish","type":"post","link":"https:\/\/valenciafranquista.dival.es\/index.php\/quan-valencia-es-deia-valencia-del-cid\/","title":{"rendered":"Quan Val\u00e8ncia es deia Valencia del Cid."},"content":{"rendered":"\n<p>La conquesta castellana i cristiana lligava b\u00e9 amb el nou temps. Les escultures del Cid a la pla\u00e7a d&#8217;Espanya i la de Franco a la pla\u00e7a del Caudillo s&#8217;inauguren el mateix any, 1964.<\/p>\n\n\n\n<figure class=\"wp-block-gallery has-nested-images columns-default is-cropped wp-block-gallery-1 is-layout-flex wp-block-gallery-is-layout-flex\">\n<figure class=\"wp-block-image size-full\"><img fetchpriority=\"high\" decoding=\"async\" width=\"576\" height=\"768\" data-id=\"4379\" src=\"https:\/\/valenciafranquista.dival.es\/wp-content\/uploads\/2022\/07\/282249323_144964304773160_4280764946324103277_n.jpg\" alt=\"\" class=\"wp-image-4379\" srcset=\"https:\/\/valenciafranquista.dival.es\/wp-content\/uploads\/2022\/07\/282249323_144964304773160_4280764946324103277_n.jpg 576w, https:\/\/valenciafranquista.dival.es\/wp-content\/uploads\/2022\/07\/282249323_144964304773160_4280764946324103277_n-225x300.jpg 225w\" sizes=\"(max-width: 576px) 100vw, 576px\" \/><\/figure>\n\n\n\n<figure class=\"wp-block-image size-full\"><img decoding=\"async\" width=\"597\" height=\"734\" data-id=\"4381\" src=\"https:\/\/valenciafranquista.dival.es\/wp-content\/uploads\/2022\/07\/283044005_144964331439824_5236944600261614796_n.jpg\" alt=\"\" class=\"wp-image-4381\" srcset=\"https:\/\/valenciafranquista.dival.es\/wp-content\/uploads\/2022\/07\/283044005_144964331439824_5236944600261614796_n.jpg 597w, https:\/\/valenciafranquista.dival.es\/wp-content\/uploads\/2022\/07\/283044005_144964331439824_5236944600261614796_n-244x300.jpg 244w\" sizes=\"(max-width: 597px) 100vw, 597px\" \/><\/figure>\n<\/figure>\n","protected":false},"excerpt":{"rendered":"<p>La conquesta castellana i cristiana lligava b\u00e9 amb el nou temps. Les escultures del Cid a la pla\u00e7a d&#8217;Espanya i la de Franco a la pla\u00e7a del Caudillo s&#8217;inauguren el mateix any, 1964.<\/p>\n","protected":false},"author":6,"featured_media":4379,"comment_status":"open","ping_status":"open","sticky":false,"template":"","format":"standard","meta":{"footnotes":""},"categories":[22,11],"tags":[108,109,110],"class_list":["post-4384","post","type-post","status-publish","format-standard","has-post-thumbnail","hentry","category-cultura-material","category-el-poder","tag-arte-escuestre-2","tag-cid-2","tag-estatua-2"],"_links":{"self":[{"href":"https:\/\/valenciafranquista.dival.es\/index.php\/wp-json\/wp\/v2\/posts\/4384","targetHints":{"allow":["GET"]}}],"collection":[{"href":"https:\/\/valenciafranquista.dival.es\/index.php\/wp-json\/wp\/v2\/posts"}],"about":[{"href":"https:\/\/valenciafranquista.dival.es\/index.php\/wp-json\/wp\/v2\/types\/post"}],"author":[{"embeddable":true,"href":"https:\/\/valenciafranquista.dival.es\/index.php\/wp-json\/wp\/v2\/users\/6"}],"replies":[{"embeddable":true,"href":"https:\/\/valenciafranquista.dival.es\/index.php\/wp-json\/wp\/v2\/comments?post=4384"}],"version-history":[{"count":0,"href":"https:\/\/valenciafranquista.dival.es\/index.php\/wp-json\/wp\/v2\/posts\/4384\/revisions"}],"wp:featuredmedia":[{"embeddable":true,"href":"https:\/\/valenciafranquista.dival.es\/index.php\/wp-json\/wp\/v2\/media\/4379"}],"wp:attachment":[{"href":"https:\/\/valenciafranquista.dival.es\/index.php\/wp-json\/wp\/v2\/media?parent=4384"}],"wp:term":[{"taxonomy":"category","embeddable":true,"href":"https:\/\/valenciafranquista.dival.es\/index.php\/wp-json\/wp\/v2\/categories?post=4384"},{"taxonomy":"post_tag","embeddable":true,"href":"https:\/\/valenciafranquista.dival.es\/index.php\/wp-json\/wp\/v2\/tags?post=4384"}],"curies":[{"name":"wp","href":"https:\/\/api.w.org\/{rel}","templated":true}]}}