{"id":2593,"date":"2021-02-26T09:04:16","date_gmt":"2021-02-26T09:04:16","guid":{"rendered":"http:\/\/valenciafranquista.dival.es\/?p=2593"},"modified":"2022-02-11T12:24:41","modified_gmt":"2022-02-11T11:24:41","slug":"javier-goerlich-creador-de-la-valencia-moderna-exposicio-2018","status":"publish","type":"post","link":"https:\/\/valenciafranquista.dival.es\/index.php\/javier-goerlich-creador-de-la-valencia-moderna-exposicio-2018\/","title":{"rendered":"Javier Goerlich, creador de la Valencia moderna (Exposici\u00f3 2018)"},"content":{"rendered":"\n<p><\/p>\n\n\n\n<p><a href=\"https:\/\/elpais.com\/cultura\/2018\/10\/16\/actualidad\/1539696312_504746.html\">https:\/\/elpais.com\/cultura\/2018\/10\/16\/actualidad\/1539696312_504746.html<\/a> La avenida del oeste, la prolongaci\u00f3n de la hermosa calle de La Paz, la  apertura de Poeta Querol, la gran rotonda tras la Puerta de Serranos, la  prolongaci\u00f3n del Paseo de la Alameda entre los puentes del Mar y  Arag\u00f3n, la avenida de Mar\u00eda Cristina, el ensanche de la bajada de San  Francisco y el centro hist\u00f3rico, son algunas de las importantes  actuaciones que proyect\u00f3 para la ciudad, adem\u00e1s de la construcci\u00f3n de  600 edificios emblem\u00e1ticos. \u201cFue el arquitecto m\u00e1s influyente de  Valencia durante la primera mitad del siglo XX\u201d, afirma Llopis, que  comenta que la reforma de mayor envergadura fue la de la Plaza del  Ayuntamiento, que conect\u00f3 con la Estaci\u00f3n del Norte y el Mercado  Central. <\/p>\n","protected":false},"excerpt":{"rendered":"<p>https:\/\/elpais.com\/cultura\/2018\/10\/16\/actualidad\/1539696312_504746.html La avenida del oeste, la prolongaci\u00f3n de la hermosa calle de La Paz, la apertura de Poeta Querol, la gran rotonda tras la Puerta de Serranos, la prolongaci\u00f3n del Paseo de la Alameda entre los puentes del Mar y Arag\u00f3n, la avenida de Mar\u00eda Cristina, el ensanche de la bajada de San Francisco y [&hellip;]<\/p>\n","protected":false},"author":3,"featured_media":2594,"comment_status":"open","ping_status":"open","sticky":false,"template":"","format":"standard","meta":{"footnotes":""},"categories":[15,14],"tags":[],"class_list":["post-2593","post","type-post","status-publish","format-standard","has-post-thumbnail","hentry","category-arquitectura","category-urbanisme"],"_links":{"self":[{"href":"https:\/\/valenciafranquista.dival.es\/index.php\/wp-json\/wp\/v2\/posts\/2593","targetHints":{"allow":["GET"]}}],"collection":[{"href":"https:\/\/valenciafranquista.dival.es\/index.php\/wp-json\/wp\/v2\/posts"}],"about":[{"href":"https:\/\/valenciafranquista.dival.es\/index.php\/wp-json\/wp\/v2\/types\/post"}],"author":[{"embeddable":true,"href":"https:\/\/valenciafranquista.dival.es\/index.php\/wp-json\/wp\/v2\/users\/3"}],"replies":[{"embeddable":true,"href":"https:\/\/valenciafranquista.dival.es\/index.php\/wp-json\/wp\/v2\/comments?post=2593"}],"version-history":[{"count":3,"href":"https:\/\/valenciafranquista.dival.es\/index.php\/wp-json\/wp\/v2\/posts\/2593\/revisions"}],"predecessor-version":[{"id":2955,"href":"https:\/\/valenciafranquista.dival.es\/index.php\/wp-json\/wp\/v2\/posts\/2593\/revisions\/2955"}],"wp:featuredmedia":[{"embeddable":true,"href":"https:\/\/valenciafranquista.dival.es\/index.php\/wp-json\/wp\/v2\/media\/2594"}],"wp:attachment":[{"href":"https:\/\/valenciafranquista.dival.es\/index.php\/wp-json\/wp\/v2\/media?parent=2593"}],"wp:term":[{"taxonomy":"category","embeddable":true,"href":"https:\/\/valenciafranquista.dival.es\/index.php\/wp-json\/wp\/v2\/categories?post=2593"},{"taxonomy":"post_tag","embeddable":true,"href":"https:\/\/valenciafranquista.dival.es\/index.php\/wp-json\/wp\/v2\/tags?post=2593"}],"curies":[{"name":"wp","href":"https:\/\/api.w.org\/{rel}","templated":true}]}}