{"id":4433,"date":"2022-07-17T21:47:21","date_gmt":"2022-07-17T19:47:21","guid":{"rendered":"https:\/\/valenciafranquista.dival.es\/?p=4433"},"modified":"2022-07-17T21:47:23","modified_gmt":"2022-07-17T19:47:23","slug":"estem-denhorabona","status":"publish","type":"post","link":"https:\/\/valenciafranquista.dival.es\/es\/index.php\/estem-denhorabona\/","title":{"rendered":"Estem d&#8217;enhorabona!"},"content":{"rendered":"\n<p>La &#8216;Guia de la Val\u00e8ncia del primer franquisme&#8217; rep tamb\u00e9 el Premi Joan Llu\u00eds Vives a l&#8217;edici\u00f3 universit\u00e0ria a la Millor coedici\u00f3 interxarxa.Moltes gr\u00e0cies a totes i tots!<\/p>\n\n\n\n<figure class=\"wp-block-image size-full\"><img fetchpriority=\"high\" decoding=\"async\" width=\"960\" height=\"960\" src=\"https:\/\/valenciafranquista.dival.es\/wp-content\/uploads\/2022\/07\/293972031_159702829965974_6696077004657169834_n.jpg\" alt=\"\" class=\"wp-image-4434\" srcset=\"https:\/\/valenciafranquista.dival.es\/wp-content\/uploads\/2022\/07\/293972031_159702829965974_6696077004657169834_n.jpg 960w, https:\/\/valenciafranquista.dival.es\/wp-content\/uploads\/2022\/07\/293972031_159702829965974_6696077004657169834_n-300x300.jpg 300w, https:\/\/valenciafranquista.dival.es\/wp-content\/uploads\/2022\/07\/293972031_159702829965974_6696077004657169834_n-150x150.jpg 150w, https:\/\/valenciafranquista.dival.es\/wp-content\/uploads\/2022\/07\/293972031_159702829965974_6696077004657169834_n-768x768.jpg 768w\" sizes=\"(max-width: 960px) 100vw, 960px\" \/><\/figure>\n","protected":false},"excerpt":{"rendered":"<p>La &#8216;Guia de la Val\u00e8ncia del primer franquisme&#8217; rep tamb\u00e9 el Premi Joan Llu\u00eds Vives a l&#8217;edici\u00f3 universit\u00e0ria a la Millor coedici\u00f3 interxarxa.Moltes gr\u00e0cies a totes i tots!<\/p>\n","protected":false},"author":6,"featured_media":4435,"comment_status":"open","ping_status":"open","sticky":false,"template":"","format":"standard","meta":{"footnotes":""},"categories":[24],"tags":[129],"class_list":["post-4433","post","type-post","status-publish","format-standard","has-post-thumbnail","hentry","category-sin-categorizar","tag-premi"],"_links":{"self":[{"href":"https:\/\/valenciafranquista.dival.es\/es\/index.php\/wp-json\/wp\/v2\/posts\/4433","targetHints":{"allow":["GET"]}}],"collection":[{"href":"https:\/\/valenciafranquista.dival.es\/es\/index.php\/wp-json\/wp\/v2\/posts"}],"about":[{"href":"https:\/\/valenciafranquista.dival.es\/es\/index.php\/wp-json\/wp\/v2\/types\/post"}],"author":[{"embeddable":true,"href":"https:\/\/valenciafranquista.dival.es\/es\/index.php\/wp-json\/wp\/v2\/users\/6"}],"replies":[{"embeddable":true,"href":"https:\/\/valenciafranquista.dival.es\/es\/index.php\/wp-json\/wp\/v2\/comments?post=4433"}],"version-history":[{"count":1,"href":"https:\/\/valenciafranquista.dival.es\/es\/index.php\/wp-json\/wp\/v2\/posts\/4433\/revisions"}],"predecessor-version":[{"id":4436,"href":"https:\/\/valenciafranquista.dival.es\/es\/index.php\/wp-json\/wp\/v2\/posts\/4433\/revisions\/4436"}],"wp:featuredmedia":[{"embeddable":true,"href":"https:\/\/valenciafranquista.dival.es\/es\/index.php\/wp-json\/wp\/v2\/media\/4435"}],"wp:attachment":[{"href":"https:\/\/valenciafranquista.dival.es\/es\/index.php\/wp-json\/wp\/v2\/media?parent=4433"}],"wp:term":[{"taxonomy":"category","embeddable":true,"href":"https:\/\/valenciafranquista.dival.es\/es\/index.php\/wp-json\/wp\/v2\/categories?post=4433"},{"taxonomy":"post_tag","embeddable":true,"href":"https:\/\/valenciafranquista.dival.es\/es\/index.php\/wp-json\/wp\/v2\/tags?post=4433"}],"curies":[{"name":"wp","href":"https:\/\/api.w.org\/{rel}","templated":true}]}}