{"id":3069,"date":"2021-10-14T17:50:38","date_gmt":"2021-10-14T17:50:38","guid":{"rendered":"http:\/\/valenciafranquista.dival.es\/?p=3069"},"modified":"2021-10-14T17:51:34","modified_gmt":"2021-10-14T17:51:34","slug":"exposicio-objectes-des-apareguts-de-maria-gomar-vidal","status":"publish","type":"post","link":"https:\/\/valenciafranquista.dival.es\/es\/index.php\/exposicio-objectes-des-apareguts-de-maria-gomar-vidal\/","title":{"rendered":"Exposici\u00f3n \u00abObjectes (des) apareguts\u00bb de Mar\u00eda Gomar Vidal."},"content":{"rendered":"\n<h4 class=\"wp-block-heading\">\n\n\n\n\n\n\n\n\n\n\n\n\n\n\n\n\nCentre\ndel Carme. Fins al 12 d\u2019abril de 2021\n\n\n\n<\/h4>\n\n\n\n<p>Producida por la Delegaci\u00f3n de Memoria Hist\u00f3rica de la Diputaci\u00f3 de Val\u00e8ncia y el Consorci de Museus de la Comunitat Valenciana, la muestra es una aproximaci\u00f3n art\u00edstica a los objetos personales de v\u00edctimas del Franquismo en el contexto de las fosas comunes de Paterna (Val\u00e8ncia).\u00a0\u00bfQu\u00e9 valor adquieren estas piezas en las manos de los familiares? \u00bfQu\u00e9 representan para nuestra sociedad? \u00bfQu\u00e9 mensaje lanzan a la democracia?<\/p>\n\n\n\n<p><a rel=\"noreferrer noopener\" aria-label=\"M\u00e9s informaci\u00f3 (s'obre en una nova pestanya)\" href=\"https:\/\/www.consorcimuseus.gva.es\/centro-del-carmen\/exposicion\/exposicion-objectes-des-apareguts\/?lang=es\" target=\"_blank\">M\u00e1s informaci\u00f3n<\/a><\/p>\n","protected":false},"excerpt":{"rendered":"<p>Centre del Carme. Fins al 12 d\u2019abril de 2021 Producida por la Delegaci\u00f3n de Memoria Hist\u00f3rica de la Diputaci\u00f3 de Val\u00e8ncia y el Consorci de Museus de la Comunitat Valenciana, la muestra es una aproximaci\u00f3n art\u00edstica a los objetos personales de v\u00edctimas del Franquismo en el contexto de las fosas comunes de Paterna (Val\u00e8ncia).\u00a0\u00bfQu\u00e9 valor [&hellip;]<\/p>\n","protected":false},"author":1,"featured_media":3005,"comment_status":"open","ping_status":"open","sticky":false,"template":"","format":"standard","meta":{"footnotes":""},"categories":[41],"tags":[],"class_list":["post-3069","post","type-post","status-publish","format-standard","has-post-thumbnail","hentry","category-cultura-material-es"],"_links":{"self":[{"href":"https:\/\/valenciafranquista.dival.es\/es\/index.php\/wp-json\/wp\/v2\/posts\/3069","targetHints":{"allow":["GET"]}}],"collection":[{"href":"https:\/\/valenciafranquista.dival.es\/es\/index.php\/wp-json\/wp\/v2\/posts"}],"about":[{"href":"https:\/\/valenciafranquista.dival.es\/es\/index.php\/wp-json\/wp\/v2\/types\/post"}],"author":[{"embeddable":true,"href":"https:\/\/valenciafranquista.dival.es\/es\/index.php\/wp-json\/wp\/v2\/users\/1"}],"replies":[{"embeddable":true,"href":"https:\/\/valenciafranquista.dival.es\/es\/index.php\/wp-json\/wp\/v2\/comments?post=3069"}],"version-history":[{"count":2,"href":"https:\/\/valenciafranquista.dival.es\/es\/index.php\/wp-json\/wp\/v2\/posts\/3069\/revisions"}],"predecessor-version":[{"id":3072,"href":"https:\/\/valenciafranquista.dival.es\/es\/index.php\/wp-json\/wp\/v2\/posts\/3069\/revisions\/3072"}],"wp:featuredmedia":[{"embeddable":true,"href":"https:\/\/valenciafranquista.dival.es\/es\/index.php\/wp-json\/wp\/v2\/media\/3005"}],"wp:attachment":[{"href":"https:\/\/valenciafranquista.dival.es\/es\/index.php\/wp-json\/wp\/v2\/media?parent=3069"}],"wp:term":[{"taxonomy":"category","embeddable":true,"href":"https:\/\/valenciafranquista.dival.es\/es\/index.php\/wp-json\/wp\/v2\/categories?post=3069"},{"taxonomy":"post_tag","embeddable":true,"href":"https:\/\/valenciafranquista.dival.es\/es\/index.php\/wp-json\/wp\/v2\/tags?post=3069"}],"curies":[{"name":"wp","href":"https:\/\/api.w.org\/{rel}","templated":true}]}}