{"id":3067,"date":"2021-10-14T17:47:49","date_gmt":"2021-10-14T17:47:49","guid":{"rendered":"http:\/\/valenciafranquista.dival.es\/la-cultura-material-del-franquismo\/"},"modified":"2021-10-14T17:48:59","modified_gmt":"2021-10-14T17:48:59","slug":"la-cultura-material-del-franquismo","status":"publish","type":"post","link":"https:\/\/valenciafranquista.dival.es\/es\/index.php\/la-cultura-material-del-franquismo\/","title":{"rendered":"La cultura material del franquismo"},"content":{"rendered":"\n<h4 class=\"wp-block-heading\"> Andrea Moreno y Lorena N\u00fa\u00f1ez. La Linde, 2016. <\/h4>\n\n\n\n<p>Este art\u00edculo parte de la presentaci\u00f3n de un proyecto expositivo \u00abQuotidianitat i Adoctrinament: Objectes del Franquisme\u00bb y de las acciones que se llevan a cabo en Quart de Poblet a trav\u00e9s del Ayuntamiento y su Comisi\u00f3n Municipal de Memoria Hist\u00f3rica, para analizar de manera transversal los conceptos de Cultura Material y Memoria Hist\u00f3rica franquista. El texto se estructura en diferentes ep\u00edgrafes que abordan la definici\u00f3n conceptual de los t\u00e9rminos, y la presentaci\u00f3n del proyecto integral de memoria hist\u00f3rica que se ha puesto en marcha en Quart de Poblet. Para finalizar valorando la Memoria Hist\u00f3rica como praxis y como hilo conductor de las pol\u00edticas y proyectos de construcci\u00f3n de la memoria social y colectiva contempor\u00e1nea.<\/p>\n\n\n\n<p><a rel=\"noreferrer noopener\" aria-label=\"Article complet (s'obre en una nova pestanya)\" href=\"http:\/\/lalindearqueologia.com\/la-cultura-material-del-franquismo\/\" target=\"_blank\">Art\u00edculo completo<\/a><\/p>\n","protected":false},"excerpt":{"rendered":"<p>Andrea Moreno y Lorena N\u00fa\u00f1ez. La Linde, 2016. Este art\u00edculo parte de la presentaci\u00f3n de un proyecto expositivo \u00abQuotidianitat i Adoctrinament: Objectes del Franquisme\u00bb y de las acciones que se llevan a cabo en Quart de Poblet a trav\u00e9s del Ayuntamiento y su Comisi\u00f3n Municipal de Memoria Hist\u00f3rica, para analizar de manera transversal los conceptos [&hellip;]<\/p>\n","protected":false},"author":1,"featured_media":3167,"comment_status":"open","ping_status":"open","sticky":false,"template":"","format":"standard","meta":{"footnotes":""},"categories":[41],"tags":[],"class_list":["post-3067","post","type-post","status-publish","format-standard","has-post-thumbnail","hentry","category-cultura-material-es"],"_links":{"self":[{"href":"https:\/\/valenciafranquista.dival.es\/es\/index.php\/wp-json\/wp\/v2\/posts\/3067","targetHints":{"allow":["GET"]}}],"collection":[{"href":"https:\/\/valenciafranquista.dival.es\/es\/index.php\/wp-json\/wp\/v2\/posts"}],"about":[{"href":"https:\/\/valenciafranquista.dival.es\/es\/index.php\/wp-json\/wp\/v2\/types\/post"}],"author":[{"embeddable":true,"href":"https:\/\/valenciafranquista.dival.es\/es\/index.php\/wp-json\/wp\/v2\/users\/1"}],"replies":[{"embeddable":true,"href":"https:\/\/valenciafranquista.dival.es\/es\/index.php\/wp-json\/wp\/v2\/comments?post=3067"}],"version-history":[{"count":1,"href":"https:\/\/valenciafranquista.dival.es\/es\/index.php\/wp-json\/wp\/v2\/posts\/3067\/revisions"}],"predecessor-version":[{"id":3068,"href":"https:\/\/valenciafranquista.dival.es\/es\/index.php\/wp-json\/wp\/v2\/posts\/3067\/revisions\/3068"}],"wp:featuredmedia":[{"embeddable":true,"href":"https:\/\/valenciafranquista.dival.es\/es\/index.php\/wp-json\/wp\/v2\/media\/3167"}],"wp:attachment":[{"href":"https:\/\/valenciafranquista.dival.es\/es\/index.php\/wp-json\/wp\/v2\/media?parent=3067"}],"wp:term":[{"taxonomy":"category","embeddable":true,"href":"https:\/\/valenciafranquista.dival.es\/es\/index.php\/wp-json\/wp\/v2\/categories?post=3067"},{"taxonomy":"post_tag","embeddable":true,"href":"https:\/\/valenciafranquista.dival.es\/es\/index.php\/wp-json\/wp\/v2\/tags?post=3067"}],"curies":[{"name":"wp","href":"https:\/\/api.w.org\/{rel}","templated":true}]}}